{"id":1635,"date":"2024-09-25T18:07:03","date_gmt":"2024-09-25T18:07:03","guid":{"rendered":"https:\/\/www.khz-vidalbini.com\/?p=1635"},"modified":"2024-10-01T17:49:27","modified_gmt":"2024-10-01T17:49:27","slug":"narr-pour-entrer-dans-la-nuit","status":"publish","type":"post","link":"https:\/\/www.khz-vidalbini.com\/?p=1635","title":{"rendered":"NARR : pour entrer dans la nuit"},"content":{"rendered":"<div class=\"vce-row-container\"><div class=\"vce-row vce-element--has-background vce-row--col-gap-30 vce-row-equal-height vce-row-content--top\" data-vce-full-width=\"true\" data-vce-stretch-content=\"true\" id=\"el-d9d7515f\" data-vce-do-apply=\"all el-d9d7515f\"><div class=\"vce-content-background-container\"><\/div><div class=\"vce-row-content\" data-vce-element-content=\"true\"><div class=\"vce-col vce-col--md-50p vce-col--xs-1 vce-col--xs-last vce-col--xs-first vce-col--sm-last vce-col--sm-first vce-col--md-first vce-col--lg-first vce-col--xl-first\" id=\"el-56f61d82\"><div class=\"vce-col-inner\" data-vce-do-apply=\"border margin background  el-56f61d82\"><div class=\"vce-content-background-container\"><\/div><div class=\"vce-col-content\" data-vce-element-content=\"true\" data-vce-do-apply=\"padding el-56f61d82\"><div class=\"vce-single-image-container vce-single-image--align-center\"><div class=\"vce vce-single-image-wrapper\" id=\"el-84cf655c\" data-vce-do-apply=\"all el-84cf655c\"><figure><div class=\"vce-single-image-figure-inner\" style=\"width: 550px;\"><div class=\"vce-single-image-inner vce-single-image--absolute\" style=\"width: 100%; padding-bottom: 100%;\"><img loading=\"lazy\" decoding=\"async\" class=\"vce-single-image\"  width=\"550\" height=\"550\" srcset=\"https:\/\/www.khz-vidalbini.com\/wp\/wp-content\/uploads\/2024\/09\/90-CCN_0985_retouch3-320x213.jpg 320w, https:\/\/www.khz-vidalbini.com\/wp\/wp-content\/uploads\/2024\/09\/90-CCN_0985_retouch3-480x320.jpg 480w, https:\/\/www.khz-vidalbini.com\/wp\/wp-content\/uploads\/2024\/09\/90-CCN_0985_retouch3-800x533.jpg 800w, https:\/\/www.khz-vidalbini.com\/wp\/wp-content\/uploads\/2024\/09\/90-CCN_0985_retouch3-scaled-550x550.jpg 550w, https:\/\/www.khz-vidalbini.com\/wp\/wp-content\/uploads\/2024\/09\/90-CCN_0985_retouch3-scaled-1100x1100.jpg 2x\" src=\"https:\/\/www.khz-vidalbini.com\/wp\/wp-content\/uploads\/2024\/09\/90-CCN_0985_retouch3-scaled-550x550.jpg\" data-img-src=\"https:\/\/www.khz-vidalbini.com\/wp\/wp-content\/uploads\/2024\/09\/90-CCN_0985_retouch3-scaled.jpg\" data-attachment-id=\"1633\"  alt=\"\" title=\"90-CCN_0985_retouch3\" \/><\/div><\/div><figcaption hidden=\"\"><\/figcaption><\/figure><\/div><\/div><div class=\"vce-shortcode\"><div class=\"vce-shortcode-wrapper vce\" id=\"el-1bef686d\" data-vce-do-apply=\"all el-1bef686d\"><iframe loading=\"lazy\" src=\"https:\/\/player.vimeo.com\/video\/724612570?badge=0&amp;autopause=0&amp;player_id=0&amp;app_id=58479\" width=\"500\" height=\"264\" frameborder=\"0\" allow=\"autoplay; fullscreen; picture-in-picture; clipboard-write\" title=\"NARR : pour entrer dans la nuit\"><\/iframe><\/div><\/div><\/div><\/div><\/div><div class=\"vce-col vce-col--md-50p vce-col--xs-1 vce-col--xs-last vce-col--xs-first vce-col--sm-last vce-col--sm-first vce-col--md-last vce-col--lg-last vce-col--xl-last\" id=\"el-ad23d183\"><div class=\"vce-col-inner\" data-vce-do-apply=\"border margin background  el-ad23d183\"><div class=\"vce-content-background-container\"><\/div><div class=\"vce-col-content\" data-vce-element-content=\"true\" data-vce-do-apply=\"padding el-ad23d183\"><div class=\"vce-text-block\"><div class=\"vce-text-block-wrapper vce\" id=\"el-c07cb27b\" data-vce-do-apply=\"all el-c07cb27b\"><h1 style=\"line-height: 1.25;\"><span style=\"font-family: Oswald; font-size: 48pt; color: #000000;\"><span class=\"s1\"><strong><span style=\"font-size: 24pt;\">NARR : pour entrer dans la nuit<\/span><br><\/strong><\/span><\/span><\/h1><div class=\"entry-content\"><p style=\"line-height: 1.25;\"><span style=\"color: #000000; font-size: 10pt; font-family: 'Fira Sans';\">Il y a tr\u00e8s longtemps, dans ce qui \u00e9tait d\u00e9j\u00e0 \u00e0 l'\u00e9poque une grande ville, des gens se sont mis \u00e0 danser sans que l'on sache pourquoi. Leurs danses ont dur\u00e9 plusieurs semaines, avant de s'arr\u00eater pour ne plus jamais revenir sous cette forme.<\/span><br><span style=\"color: #000000; font-size: 10pt; font-family: 'Fira Sans';\">Cet \u00e9v\u00e8nement, appel\u00e9 <span style=\"font-weight: 400; font-style: italic;\">chor\u00e9manie<\/span> ou <span style=\"font-weight: 400; font-style: italic;\">les danseurs fous de Strasbourg<\/span> a suscit\u00e9 au fur et \u00e0 mesure qu'approchait son cinq-centenaire les r\u00e9cits et les fantasmes les plus farfelus et exag\u00e9r\u00e9s. En effet, il ne reste aujourd'hui que tr\u00e8s peu d'\u00e9l\u00e9ments historiques contemporains de cette manie dansante. Les textes de 1518 donnent toutefois quelques pistes. Les autres textes et informations qui nous sont parvenus sont post\u00e9rieurs, et contiennent d\u00e9j\u00e0 des distorsions plus ou moins importantes.<\/span><\/p><p style=\"line-height: 1.25;\"><span style=\"color: #000000; font-size: 10pt; font-family: 'Fira Sans';\"><span style=\"font-weight: 600; font-style: italic;\">NARR : pour entrer dans la nuit<\/span> est un spectacle de danse, et un spectacle sur la danse.<\/span><\/p><p style=\"line-height: 1.25;\"><span style=\"color: #000000; font-size: 10pt; font-family: 'Fira Sans';\">Il s'agit bien ici de la danse au sens large, pas seulement celles montr\u00e9es des plateaux de th\u00e9\u00e2tre aux r\u00e9seaux sociaux. Dans cette perspective se croisent approches artistiques, sociologiques, m\u00e9dicales\u2026 Il s'agit donc aussi de la danse per\u00e7ue comme une manifestation \u00e9trange, folle, parfois inappropri\u00e9e ou ind\u00e9cente ; en tout cas une manifestation physique d'un d\u00e9rangement, d'un d\u00e9calage entre l'action (la danse) et le contexte (la soci\u00e9t\u00e9).<\/span><\/p><\/div><\/div><\/div><div class=\"vce vce-separator-container vce-separator--align-center vce-separator--style-solid\" id=\"el-2aff6371\" data-vce-do-apply=\"margin el-2aff6371\"><div class=\"vce-separator vce-separator--color-b-0-0-0 vce-separator--width-50 vce-separator--thickness-1\" data-vce-do-apply=\"border padding background  el-2aff6371\"><\/div><\/div><div class=\"vce-text-block\"><div class=\"vce-text-block-wrapper vce\" id=\"el-71790242\" data-vce-do-apply=\"all el-71790242\"><div class=\"entry-content\">\n<div class=\"page\" title=\"Page 4\">\n<div class=\"layoutArea\">\n<div class=\"column\">\n<p style=\"text-align: right; line-height: 1.25;\"><span style=\"color: #000000; font-size: 10pt; font-family: 'Fira Sans';\">Conception, chor\u00e9graphie : <strong>Vidal BINI<\/strong><\/span><br><span style=\"color: #000000; font-size: 10pt; font-family: 'Fira Sans';\">Interpr\u00e9tation, chor\u00e9graphie : <strong>Caroline ALLAIRE<\/strong>, <strong>Auguste&nbsp;DE BOURSETTY<\/strong>, <br><strong>Mathieu HEYRAUD<\/strong>,<strong>&nbsp;Elias KURTH<\/strong>, <strong>C\u00e9line LARR\u00c8RE<\/strong> ou <strong>Pauline COLEMARD<\/strong><\/span><br><span style=\"color: #000000; font-size: 10pt; font-family: 'Fira Sans';\">Musique live : <strong>\u00c9tienne GRUEL<\/strong>,&nbsp;<strong>Olivier MEYER<\/strong> et <strong>Geoffrey SORGIUS<\/strong><\/span><br><span style=\"color: #000000; font-size: 10pt; font-family: 'Fira Sans';\">Assistant \u00e0 la mise en sc\u00e8ne : <strong>Vincent AROT<\/strong><\/span><br><span style=\"color: #000000; font-size: 10pt; font-family: 'Fira Sans';\">Illustrations, d\u00e9cors : <strong>Johanny MELLOUL<\/strong><\/span><br><span style=\"color: #000000; font-size: 10pt; font-family: 'Fira Sans';\">Sc\u00e9nographie : <strong>Olivier LAURENT<\/strong><\/span><br><span style=\"color: #000000; font-size: 10pt; font-family: 'Fira Sans';\">Costumes : <strong>L\u00e9a LABBEY<\/strong><\/span><br><span style=\"color: #000000; font-size: 10pt; font-family: 'Fira Sans';\"><strong>Avec la participation d'amateurs de danse (entre 15 et 25 personnes)<\/strong><\/span><\/p>\n<p style=\"font-weight: 400; line-height: 1.25; text-align: right;\"><span style=\"font-family: 'Fira Sans'; font-size: 10pt; color: #000000;\">dur\u00e9e 1h20 \/ tout public d\u00e8s 12 ans \/ jauge max 250 personnes<br><\/span><span style=\"color: #000000; font-family: 'Fira Sans'; font-size: 10pt;\">spectacle quadrifrontal pour un espace de 20x18 m\u00e8tres minimum<\/span><\/p>\n<\/div>\n<\/div>\n<\/div>\n<\/div><\/div><\/div><div class=\"vce-text-block\"><div class=\"vce-text-block-wrapper vce\" id=\"el-e8fd3f24\" data-vce-do-apply=\"all el-e8fd3f24\"><p style=\"line-height: 1;\"><span style=\"color: #808080; font-size: 8pt; font-family: 'Fira Sans';\">Production : KiloHertZ et le Th\u00e9\u00e2tre du March\u00e9 aux Grains, Atelier de Fabrique Artistique, Bouxwiller.<\/span><\/p><p style=\"line-height: 1;\"><span style=\"color: #808080; font-size: 8pt; font-family: 'Fira Sans';\">Coproductions :<\/span><br><span style=\"color: #808080; font-size: 8pt; font-family: 'Fira Sans';\">CCAM - sc\u00e8ne nationale de Vand\u0153uvre-l\u00e8s-Nancy<\/span><br><span style=\"color: #808080; font-size: 8pt; font-family: 'Fira Sans';\">Le Carreau - sc\u00e8ne nationale de Forbach et de l'Est Mosellan<\/span><br><span style=\"color: #808080; font-size: 8pt; font-family: 'Fira Sans';\">Ballet de l'Op\u00e9ra National du Rhin - CCN de Mulhouse, dans le cadre de l'accueil-studio<\/span><br><span style=\"color: #808080; font-size: 8pt; font-family: 'Fira Sans';\">CCN - Ballet de Lorraine, dans le cadre de l'accueil-studio<\/span><br><span style=\"color: #808080; font-size: 8pt; font-family: 'Fira Sans';\">POLE-SUD CDCN Strasbourg, dans le cadre de l'accueil-studio<\/span><br><span style=\"color: #808080; font-size: 8pt; font-family: 'Fira Sans';\">La Filature - sc\u00e8ne nationale Mulhouse<\/span><br><span style=\"color: #808080; font-size: 8pt; font-family: 'Fira Sans';\">Avec le soutien de la SPEDIDAM<\/span><\/p><p style=\"line-height: 1;\"><span style=\"color: #808080; font-size: 8pt; font-family: 'Fira Sans';\">Accueil en r\u00e9sidence au 3CL Centre de Cr\u00e9ation Chor\u00e9graphique Luxembourgeois, \u00e0 la&nbsp;Salle Europe de Colmar.<br><\/span><span style=\"color: #808080; font-size: 8pt; font-family: 'Fira Sans';\">R\u00e9alis\u00e9 avec le soutien de l\u2019Universit\u00e9 de Strasbourg (ateliers de recherche avec les \u00e9tudiants Arts du Spectacle sur 3 ans - 2019\/2021)<\/span><\/p><\/div><\/div><\/div><\/div><\/div><\/div><\/div><\/div><div class=\"vce-row-container\" data-vce-boxed-width=\"true\"><div class=\"vce-row vce-row--col-gap-30 vce-row-equal-height vce-row-content--top\" id=\"el-5143e8ac\" data-vce-do-apply=\"all el-5143e8ac\"><div class=\"vce-row-content\" data-vce-element-content=\"true\"><div class=\"vce-col vce-col--md-auto vce-col--xs-1 vce-col--xs-last vce-col--xs-first vce-col--sm-last vce-col--sm-first vce-col--md-last vce-col--lg-last vce-col--xl-last vce-col--md-first vce-col--lg-first vce-col--xl-first\" id=\"el-67a7ad5d\"><div class=\"vce-col-inner\" data-vce-do-apply=\"border margin background  el-67a7ad5d\"><div class=\"vce-col-content\" data-vce-element-content=\"true\" data-vce-do-apply=\"padding el-67a7ad5d\"><div class=\"vcv-row-control-wrapper\"><\/div><\/div><\/div><\/div><\/div><\/div><\/div>","protected":false},"excerpt":{"rendered":"<p>NARR : pour entrer dans la nuitIl y a tr\u00e8s longtemps, dans ce qui \u00e9tait d\u00e9j\u00e0 \u00e0 l&rsquo;\u00e9poque une grande ville, des gens se sont mis \u00e0 danser sans que l&rsquo;on sache pourquoi. Leurs danses ont dur\u00e9 plusieurs semaines, avant de s&rsquo;arr\u00eater pour ne plus jamais revenir sous cette forme.Cet \u00e9v\u00e8nement, appel\u00e9 chor\u00e9manie ou les [&hellip;]<\/p>\n","protected":false},"author":1,"featured_media":0,"comment_status":"closed","ping_status":"closed","sticky":false,"template":"","format":"standard","meta":{"footnotes":""},"categories":[1],"tags":[],"class_list":["post-1635","post","type-post","status-publish","format-standard","hentry","category-uncategorized"],"_links":{"self":[{"href":"https:\/\/www.khz-vidalbini.com\/index.php?rest_route=\/wp\/v2\/posts\/1635","targetHints":{"allow":["GET"]}}],"collection":[{"href":"https:\/\/www.khz-vidalbini.com\/index.php?rest_route=\/wp\/v2\/posts"}],"about":[{"href":"https:\/\/www.khz-vidalbini.com\/index.php?rest_route=\/wp\/v2\/types\/post"}],"author":[{"embeddable":true,"href":"https:\/\/www.khz-vidalbini.com\/index.php?rest_route=\/wp\/v2\/users\/1"}],"replies":[{"embeddable":true,"href":"https:\/\/www.khz-vidalbini.com\/index.php?rest_route=%2Fwp%2Fv2%2Fcomments&post=1635"}],"version-history":[{"count":15,"href":"https:\/\/www.khz-vidalbini.com\/index.php?rest_route=\/wp\/v2\/posts\/1635\/revisions"}],"predecessor-version":[{"id":1838,"href":"https:\/\/www.khz-vidalbini.com\/index.php?rest_route=\/wp\/v2\/posts\/1635\/revisions\/1838"}],"wp:attachment":[{"href":"https:\/\/www.khz-vidalbini.com\/index.php?rest_route=%2Fwp%2Fv2%2Fmedia&parent=1635"}],"wp:term":[{"taxonomy":"category","embeddable":true,"href":"https:\/\/www.khz-vidalbini.com\/index.php?rest_route=%2Fwp%2Fv2%2Fcategories&post=1635"},{"taxonomy":"post_tag","embeddable":true,"href":"https:\/\/www.khz-vidalbini.com\/index.php?rest_route=%2Fwp%2Fv2%2Ftags&post=1635"}],"curies":[{"name":"wp","href":"https:\/\/api.w.org\/{rel}","templated":true}]}}